{"id":1481,"date":"2021-06-07T11:27:32","date_gmt":"2021-06-07T09:27:32","guid":{"rendered":"https:\/\/infraestructuras.umh.es\/?p=1481"},"modified":"2021-06-07T11:27:32","modified_gmt":"2021-06-07T09:27:32","slug":"ampliacion-del-alumbrado-publico-en-la-urbanizacion-del-entorno-de-los-edificios-altet-y-altabix","status":"publish","type":"post","link":"https:\/\/infraestructuras.umh.es\/ca\/2021\/06\/07\/ampliacion-del-alumbrado-publico-en-la-urbanizacion-del-entorno-de-los-edificios-altet-y-altabix\/","title":{"rendered":"<span lang=\"es\">(Espa\u00f1ol) AMPLIACI\u00d3N DEL ALUMBRADO P\u00daBLICO EN LA URBANIZACI\u00d3N DEL ENTORNO DE LOS EDIFICIOS ALTET Y ALT\u00c1BIX<\/span>"},"content":{"rendered":"<p class=\"qtranxs-available-languages-message qtranxs-available-languages-message-ca\">Ho sentim, aquesta entrada es troba disponible \u00fanicament en <a href=\"https:\/\/infraestructuras.umh.es\/es\/wp-json\/wp\/v2\/posts\/1481\" class=\"qtranxs-available-language-link qtranxs-available-language-link-es\" title=\"Espa\u00f1ol\">Espanyol Europeu<\/a>.<\/p>","protected":false},"excerpt":{"rendered":"<p>Ho sentim, aquesta entrada es troba disponible \u00fanicament en Espanyol Europeu.<\/p>\n","protected":false},"author":3613,"featured_media":0,"comment_status":"closed","ping_status":"closed","sticky":false,"template":"","format":"standard","meta":{"_links_to":"","_links_to_target":""},"categories":[1],"tags":[424943],"_links":{"self":[{"href":"https:\/\/infraestructuras.umh.es\/ca\/wp-json\/wp\/v2\/posts\/1481"}],"collection":[{"href":"https:\/\/infraestructuras.umh.es\/ca\/wp-json\/wp\/v2\/posts"}],"about":[{"href":"https:\/\/infraestructuras.umh.es\/ca\/wp-json\/wp\/v2\/types\/post"}],"author":[{"embeddable":true,"href":"https:\/\/infraestructuras.umh.es\/ca\/wp-json\/wp\/v2\/users\/3613"}],"replies":[{"embeddable":true,"href":"https:\/\/infraestructuras.umh.es\/ca\/wp-json\/wp\/v2\/comments?post=1481"}],"version-history":[{"count":0,"href":"https:\/\/infraestructuras.umh.es\/ca\/wp-json\/wp\/v2\/posts\/1481\/revisions"}],"wp:attachment":[{"href":"https:\/\/infraestructuras.umh.es\/ca\/wp-json\/wp\/v2\/media?parent=1481"}],"wp:term":[{"taxonomy":"category","embeddable":true,"href":"https:\/\/infraestructuras.umh.es\/ca\/wp-json\/wp\/v2\/categories?post=1481"},{"taxonomy":"post_tag","embeddable":true,"href":"https:\/\/infraestructuras.umh.es\/ca\/wp-json\/wp\/v2\/tags?post=1481"}],"curies":[{"name":"wp","href":"https:\/\/api.w.org\/{rel}","templated":true}]}}