{"id":2639,"date":"2026-02-10T11:10:37","date_gmt":"2026-02-10T10:10:37","guid":{"rendered":"https:\/\/infraestructuras.umh.es\/?p=2639"},"modified":"2026-02-10T11:12:36","modified_gmt":"2026-02-10T10:12:36","slug":"obras-de-ampliacion-del-edificio-ramon-y-cajal-instituto-de-neurociencias-umh-csic-y-conexion-al-edificio-muhammad-al-shafra-del-campus-de-sant-joan-dalacant-de-la-umh-expte-2024_018-y-2023_00","status":"publish","type":"post","link":"https:\/\/infraestructuras.umh.es\/en\/2026\/02\/10\/obras-de-ampliacion-del-edificio-ramon-y-cajal-instituto-de-neurociencias-umh-csic-y-conexion-al-edificio-muhammad-al-shafra-del-campus-de-sant-joan-dalacant-de-la-umh-expte-2024_018-y-2023_00\/","title":{"rendered":"<span lang=\"es\">(Espa\u00f1ol) OBRAS DE AMPLIACI\u00d3N DEL EDIFICIO RAM\u00d3N Y CAJAL (INSTITUTO DE NEUROCIENCIAS, UMH CSIC) Y CONEXI\u00d3N AL EDIFICIO MUHAMMAD AL- SHAFRA DEL CAMPUS DE SANT JOAN D&#8217;ALACANT DE LA UMH.  Expte 2024_018 y 2023_005<\/span>"},"content":{"rendered":"<p class=\"qtranxs-available-languages-message qtranxs-available-languages-message-en\">Sorry, this entry is only available in <a href=\"https:\/\/infraestructuras.umh.es\/es\/wp-json\/wp\/v2\/posts\/2639\" class=\"qtranxs-available-language-link qtranxs-available-language-link-es\" title=\"Espa\u00f1ol\">European Spanish<\/a>.<\/p>","protected":false},"excerpt":{"rendered":"<p>Sorry, this entry is only available in European Spanish.<\/p>\n","protected":false},"author":3615,"featured_media":0,"comment_status":"closed","ping_status":"open","sticky":false,"template":"","format":"standard","meta":{"_links_to":"","_links_to_target":""},"categories":[1],"tags":[],"_links":{"self":[{"href":"https:\/\/infraestructuras.umh.es\/en\/wp-json\/wp\/v2\/posts\/2639"}],"collection":[{"href":"https:\/\/infraestructuras.umh.es\/en\/wp-json\/wp\/v2\/posts"}],"about":[{"href":"https:\/\/infraestructuras.umh.es\/en\/wp-json\/wp\/v2\/types\/post"}],"author":[{"embeddable":true,"href":"https:\/\/infraestructuras.umh.es\/en\/wp-json\/wp\/v2\/users\/3615"}],"replies":[{"embeddable":true,"href":"https:\/\/infraestructuras.umh.es\/en\/wp-json\/wp\/v2\/comments?post=2639"}],"version-history":[{"count":0,"href":"https:\/\/infraestructuras.umh.es\/en\/wp-json\/wp\/v2\/posts\/2639\/revisions"}],"wp:attachment":[{"href":"https:\/\/infraestructuras.umh.es\/en\/wp-json\/wp\/v2\/media?parent=2639"}],"wp:term":[{"taxonomy":"category","embeddable":true,"href":"https:\/\/infraestructuras.umh.es\/en\/wp-json\/wp\/v2\/categories?post=2639"},{"taxonomy":"post_tag","embeddable":true,"href":"https:\/\/infraestructuras.umh.es\/en\/wp-json\/wp\/v2\/tags?post=2639"}],"curies":[{"name":"wp","href":"https:\/\/api.w.org\/{rel}","templated":true}]}}